{"id":39,"date":"2025-09-01T19:57:28","date_gmt":"2025-09-01T19:57:28","guid":{"rendered":"http:\/\/latinoamericatv.net\/news\/?p=39"},"modified":"2025-09-02T02:02:06","modified_gmt":"2025-09-02T02:02:06","slug":"nergias-renovables-el-camino-hacia-un-futuro-mas-limpio-y-responsable","status":"publish","type":"post","link":"https:\/\/latinoamericatv.net\/news\/nergias-renovables-el-camino-hacia-un-futuro-mas-limpio-y-responsable\/","title":{"rendered":"Energ\u00edas renovables: el camino hacia un futuro m\u00e1s limpio y responsable"},"content":{"rendered":"\n<p>En los \u00faltimos a\u00f1os, la conversaci\u00f3n global sobre el cambio clim\u00e1tico, la contaminaci\u00f3n ambiental y la crisis energ\u00e9tica ha tomado un protagonismo ineludible. Lejos de ser un tema exclusivo para cient\u00edficos o pol\u00edticos, el tipo de energ\u00eda que usamos a diario se ha convertido en una preocupaci\u00f3n real que nos toca a todos. En este escenario, las <strong>energ\u00edas renovables<\/strong> emergen no solo como una alternativa viable, sino como una <strong>necesidad urgente<\/strong> para transformar el modo en que convivimos con nuestro planeta.<\/p>\n\n\n\n<p>La transici\u00f3n energ\u00e9tica ya no es una opci\u00f3n del futuro: es una acci\u00f3n del presente. Y aunque el t\u00e9rmino \u201cenerg\u00eda renovable\u201d pueda sonar t\u00e9cnico, lo cierto es que se trata de una idea simple y poderosa: <strong>aprovechar los recursos naturales que se regeneran por s\u00ed mismos \u2014como el sol, el viento, el agua o el calor de la tierra\u2014 para producir energ\u00eda limpia y sostenible<\/strong>.<\/p>\n\n\n\n<h3 class=\"wp-block-heading\">\u00bfPor qu\u00e9 cambiar el modelo energ\u00e9tico?<\/h3>\n\n\n\n<p>Durante d\u00e9cadas, el mundo ha dependido de fuentes de energ\u00eda contaminantes como el petr\u00f3leo, el carb\u00f3n y el gas natural. Si bien estas fuentes han sido claves en el desarrollo econ\u00f3mico, su impacto ambiental es innegable: emisiones masivas de gases de efecto invernadero, contaminaci\u00f3n del aire y del agua, deforestaci\u00f3n, p\u00e9rdida de biodiversidad, entre otros efectos adversos.<\/p>\n\n\n\n<p>Adem\u00e1s, los combustibles f\u00f3siles <strong>no son infinitos<\/strong>. A medida que su extracci\u00f3n se vuelve m\u00e1s costosa y compleja, tambi\u00e9n lo hace su precio, generando inestabilidad en los mercados y afectando las econom\u00edas, especialmente las m\u00e1s vulnerables.<\/p>\n\n\n\n<p>En cambio, las energ\u00edas renovables ofrecen una <strong>alternativa limpia, segura y m\u00e1s justa<\/strong>, capaz de reducir dr\u00e1sticamente las emisiones contaminantes y fomentar un desarrollo m\u00e1s equilibrado entre las personas y su entorno.<\/p>\n\n\n\n<h3 class=\"wp-block-heading\">Beneficios m\u00e1s all\u00e1 del ambiente<\/h3>\n\n\n\n<p>Pensar en energ\u00edas renovables es tambi\u00e9n pensar en <strong>oportunidades sociales y econ\u00f3micas<\/strong>. Su implementaci\u00f3n puede generar miles de empleos en sectores como la instalaci\u00f3n de paneles solares, el mantenimiento de turbinas e\u00f3licas o la gesti\u00f3n de plantas hidroel\u00e9ctricas. Adem\u00e1s, promueve el acceso equitativo a la energ\u00eda en zonas rurales o remotas, donde las redes el\u00e9ctricas tradicionales muchas veces no llegan.<\/p>\n\n\n\n<p>El impulso de estas tecnolog\u00edas tambi\u00e9n estimula la <strong>innovaci\u00f3n local<\/strong>. Cada vez m\u00e1s pa\u00edses desarrollan soluciones adaptadas a su geograf\u00eda y clima, demostrando que la sostenibilidad puede ir de la mano con la independencia energ\u00e9tica.<\/p>\n\n\n\n<p>Por otro lado, utilizar energ\u00eda limpia en el hogar, en las empresas o en el transporte tiene un efecto directo sobre la salud p\u00fablica. Menos combustibles f\u00f3siles significan menos contaminaci\u00f3n del aire, y por tanto, <strong>menos enfermedades respiratorias y cardiovasculares<\/strong>.<\/p>\n\n\n\n<h3 class=\"wp-block-heading\">\u00bfQu\u00e9 podemos hacer como ciudadanos?<\/h3>\n\n\n\n<p>Aunque los grandes cambios dependen en gran medida de las decisiones pol\u00edticas y econ\u00f3micas, <strong>la ciudadan\u00eda tambi\u00e9n tiene un rol clave en esta transformaci\u00f3n<\/strong>. Desde nuestras acciones cotidianas, podemos fomentar una cultura energ\u00e9tica m\u00e1s responsable:<\/p>\n\n\n\n<ul class=\"wp-block-list\">\n<li><strong>Apostar por el ahorro energ\u00e9tico<\/strong>: apagar luces innecesarias, usar electrodom\u00e9sticos eficientes o aprovechar la luz natural son peque\u00f1os gestos que hacen la diferencia.<\/li>\n\n\n\n<li><strong>Apoyar energ\u00edas limpias en el hogar<\/strong>: instalar calentadores solares, paneles fotovoltaicos o simplemente informarse sobre planes de energ\u00eda verde disponibles en el pa\u00eds.<\/li>\n\n\n\n<li><strong>Elegir transporte sostenible<\/strong>: caminar, usar bicicleta, compartir el carro o utilizar transporte p\u00fablico ayuda a reducir la huella de carbono.<\/li>\n\n\n\n<li><strong>Informarse y exigir pol\u00edticas verdes<\/strong>: conocer c\u00f3mo funciona el sistema energ\u00e9tico en nuestro pa\u00eds y participar activamente en los debates p\u00fablicos fortalece la democracia y empuja a los gobiernos a tomar decisiones responsables.<\/li>\n<\/ul>\n\n\n\n<h3 class=\"wp-block-heading\">Un compromiso con las futuras generaciones<\/h3>\n\n\n\n<p>Adoptar energ\u00edas renovables no es solo una respuesta t\u00e9cnica ante la crisis clim\u00e1tica, sino un <strong>acto de responsabilidad con las generaciones presentes y futuras<\/strong>. Estamos en un momento decisivo en la historia, donde nuestras decisiones marcar\u00e1n la calidad de vida de quienes vendr\u00e1n despu\u00e9s.<\/p>\n\n\n\n<p>El desarrollo de tecnolog\u00edas limpias no significa renunciar al progreso. Al contrario, significa apostar por una forma m\u00e1s inteligente de crecer, donde el bienestar humano no se construya a costa del planeta, sino en armon\u00eda con \u00e9l.<\/p>\n\n\n\n<h3 class=\"wp-block-heading\">Costa Rica: un ejemplo que inspira<\/h3>\n\n\n\n<p>En este contexto, vale la pena destacar el ejemplo de <strong>Costa Rica<\/strong>, pa\u00eds reconocido internacionalmente por su compromiso con la sostenibilidad. Durante varios a\u00f1os ha logrado abastecerse en m\u00e1s del 98% con energ\u00edas renovables, combinando fuentes hidroel\u00e9ctricas, e\u00f3licas, geot\u00e9rmicas y solares. Este modelo no solo demuestra que es posible, sino que <strong>inspira al resto del mundo<\/strong> a seguir un camino similar.<\/p>\n\n\n\n<h3 class=\"wp-block-heading\">Conclusi\u00f3n<\/h3>\n\n\n\n<p>El cambio hacia un mundo m\u00e1s verde empieza hoy. Apostar por las energ\u00edas renovables no es un lujo, es una inversi\u00f3n en salud, en justicia social y en futuro. No se trata de volver al pasado, sino de mirar hacia adelante con visi\u00f3n y compromiso.<\/p>\n\n\n\n<p><strong>Transformar nuestro modelo energ\u00e9tico es una tarea colectiva<\/strong>, y todos \u2014desde los gobiernos hasta los ciudadanos\u2014 tenemos algo que aportar. Porque un mundo m\u00e1s limpio, m\u00e1s justo y m\u00e1s equilibrado no se construye solo con buenas intenciones, sino con decisiones conscientes.<\/p>\n\n\n\n<p>La energ\u00eda est\u00e1 en nuestras manos. Y el futuro, tambi\u00e9n.<\/p>\n\n\n\n<h3 class=\"wp-block-heading\">\ud83c\udf3f <strong>Costa Rica y la Energ\u00eda Renovable: Un Modelo para el Mundo<\/strong><\/h3>\n\n\n\n<hr class=\"wp-block-separator has-alpha-channel-opacity\"\/>\n\n\n\n<h4 class=\"wp-block-heading\">\u26a1 <strong>\u00bfDe d\u00f3nde viene la electricidad en Costa Rica?<\/strong><\/h4>\n\n\n\n<p><strong>+95 %<\/strong> de la electricidad en Costa Rica proviene de <strong>fuentes renovables<\/strong>:<\/p>\n\n\n\n<ul class=\"wp-block-list\">\n<li>\ud83d\udca7 <strong>Hidroel\u00e9ctrica<\/strong>: 70\u202f%<\/li>\n\n\n\n<li>\ud83c\udf0b <strong>Geot\u00e9rmica<\/strong>: 13\u202f%<\/li>\n\n\n\n<li>\ud83d\udca8 <strong>E\u00f3lica<\/strong>: 10\u202f%<\/li>\n\n\n\n<li>\u2600\ufe0f <strong>Solar y otras<\/strong>: 2\u202f%<\/li>\n\n\n\n<li>\ud83d\udd25 <strong>T\u00e9rmica (f\u00f3sil)<\/strong>: 5\u202f% <em>(usada solo en emergencias clim\u00e1ticas)<\/em><\/li>\n<\/ul>\n\n\n\n<hr class=\"wp-block-separator has-alpha-channel-opacity\"\/>\n\n\n\n<h4 class=\"wp-block-heading\">\ud83c\udf0e <strong>Beneficios clave de las energ\u00edas limpias<\/strong><\/h4>\n\n\n\n<p>\u2705 <strong>Menos emisiones contaminantes<\/strong><br \/>\u2705 <strong>Electricidad m\u00e1s estable y segura<\/strong><br \/>\u2705 <strong>Mejora en la salud p\u00fablica<\/strong><br \/>\u2705 <strong>M\u00e1s empleos verdes y desarrollo local<\/strong><br \/>\u2705 <strong>Acceso a energ\u00eda en zonas rurales<\/strong><\/p>\n\n\n\n<hr class=\"wp-block-separator has-alpha-channel-opacity\"\/>\n\n\n\n<h4 class=\"wp-block-heading\">\ud83d\ude97 <strong>Movilidad el\u00e9ctrica en crecimiento<\/strong><\/h4>\n\n\n\n<p>\ud83d\udcc8 Aumento del <strong>94\u202f%<\/strong> en autos el\u00e9ctricos entre 2018 y 2022<br \/>\ud83d\udd0c M\u00e1s de <strong>200 estaciones de carga<\/strong> en todo el pa\u00eds<br \/>\ud83d\ude89 Incentivos fiscales para veh\u00edculos el\u00e9ctricos y transporte p\u00fablico limpio<\/p>\n\n\n\n<hr class=\"wp-block-separator has-alpha-channel-opacity\"\/>\n\n\n\n<h4 class=\"wp-block-heading\">\ud83e\uddd1\u200d\ud83e\udd1d\u200d\ud83e\uddd1 <strong>Lo que vos pod\u00e9s hacer<\/strong><\/h4>\n\n\n\n<p>\ud83d\udca1 <strong>En casa<\/strong>:<\/p>\n\n\n\n<ul class=\"wp-block-list\">\n<li>Usar focos LED<\/li>\n\n\n\n<li>Desconectar lo que no us\u00e1s<\/li>\n\n\n\n<li>Calentadores solares<\/li>\n<\/ul>\n\n\n\n<p>\ud83d\udeb2 <strong>En transporte<\/strong>:<\/p>\n\n\n\n<ul class=\"wp-block-list\">\n<li>Usar bicicleta o caminar<\/li>\n\n\n\n<li>Compartir veh\u00edculo<\/li>\n\n\n\n<li>Considerar autos el\u00e9ctricos<\/li>\n<\/ul>\n\n\n\n<p>\ud83d\uddf3\ufe0f <strong>Como ciudadano<\/strong>:<\/p>\n\n\n\n<ul class=\"wp-block-list\">\n<li>Apoyar pol\u00edticas verdes<\/li>\n\n\n\n<li>Informarse y exigir energ\u00eda limpia<\/li>\n\n\n\n<li>Reducir, reutilizar y reciclar<\/li>\n<\/ul>\n\n\n\n<hr class=\"wp-block-separator has-alpha-channel-opacity\"\/>\n\n\n\n<h4 class=\"wp-block-heading\">\ud83c\udde8\ud83c\uddf7 <strong>Costa Rica: Comprometida con el futuro<\/strong><\/h4>\n\n\n\n<p>\ud83d\udcc5 Moratoria a la exploraci\u00f3n de petr\u00f3leo y gas hasta <strong>2050<\/strong><br \/>\ud83d\udcd8 Primer pa\u00eds del mundo con un <strong>C\u00f3digo de Adaptaci\u00f3n Clim\u00e1tica<\/strong><br \/>\ud83c\udfc6 Reconocido globalmente por su modelo energ\u00e9tico sostenible<\/p>\n\n\n\n<hr class=\"wp-block-separator has-alpha-channel-opacity\"\/>\n\n\n\n<h3 class=\"wp-block-heading\">\ud83d\udc9a <em>La energ\u00eda est\u00e1 en tus manos. El futuro tambi\u00e9n.<\/em><\/h3>\n\n\n\n<p><\/p>\n","protected":false},"excerpt":{"rendered":"<p>En los \u00faltimos a\u00f1os, la conversaci\u00f3n global sobre el cambio clim\u00e1tico, la contaminaci\u00f3n ambiental y la crisis energ\u00e9tica ha tomado un protagonismo ineludible.<\/p>\n","protected":false},"author":1,"featured_media":40,"comment_status":"open","ping_status":"open","sticky":false,"template":"","format":"standard","meta":{"footnotes":""},"categories":[1],"tags":[],"class_list":["post-39","post","type-post","status-publish","format-standard","has-post-thumbnail","hentry","category-blog"],"_links":{"self":[{"href":"https:\/\/latinoamericatv.net\/news\/wp-json\/wp\/v2\/posts\/39","targetHints":{"allow":["GET"]}}],"collection":[{"href":"https:\/\/latinoamericatv.net\/news\/wp-json\/wp\/v2\/posts"}],"about":[{"href":"https:\/\/latinoamericatv.net\/news\/wp-json\/wp\/v2\/types\/post"}],"author":[{"embeddable":true,"href":"https:\/\/latinoamericatv.net\/news\/wp-json\/wp\/v2\/users\/1"}],"replies":[{"embeddable":true,"href":"https:\/\/latinoamericatv.net\/news\/wp-json\/wp\/v2\/comments?post=39"}],"version-history":[{"count":2,"href":"https:\/\/latinoamericatv.net\/news\/wp-json\/wp\/v2\/posts\/39\/revisions"}],"predecessor-version":[{"id":47,"href":"https:\/\/latinoamericatv.net\/news\/wp-json\/wp\/v2\/posts\/39\/revisions\/47"}],"wp:featuredmedia":[{"embeddable":true,"href":"https:\/\/latinoamericatv.net\/news\/wp-json\/wp\/v2\/media\/40"}],"wp:attachment":[{"href":"https:\/\/latinoamericatv.net\/news\/wp-json\/wp\/v2\/media?parent=39"}],"wp:term":[{"taxonomy":"category","embeddable":true,"href":"https:\/\/latinoamericatv.net\/news\/wp-json\/wp\/v2\/categories?post=39"},{"taxonomy":"post_tag","embeddable":true,"href":"https:\/\/latinoamericatv.net\/news\/wp-json\/wp\/v2\/tags?post=39"}],"curies":[{"name":"wp","href":"https:\/\/api.w.org\/{rel}","templated":true}]}}